{"id":196,"date":"2023-05-04T14:43:46","date_gmt":"2023-05-04T13:43:46","guid":{"rendered":"https:\/\/blog.ddev.site\/?p=196"},"modified":"2024-04-12T20:25:06","modified_gmt":"2024-04-12T19:25:06","slug":"visitas-productivas-geoff-mead","status":"publish","type":"post","link":"https:\/\/fil.ulpgc.es\/blog\/2023\/05\/04\/visitas-productivas-geoff-mead\/","title":{"rendered":"Visitas literarias: Geoff Mead"},"content":{"rendered":"\n<figure class=\"wp-block-gallery has-nested-images columns-default is-cropped wp-block-gallery-1 is-layout-flex wp-block-gallery-is-layout-flex\">\n<figure class=\"wp-block-image size-large\"><img loading=\"lazy\" decoding=\"async\" width=\"2048\" height=\"1151\" data-attachment-id=\"198\" data-permalink=\"https:\/\/fil.ulpgc.es\/blog\/2023\/05\/04\/visitas-productivas-geoff-mead\/whatsapp-image-2023-04-20-at-17-46-53\/\" data-orig-file=\"https:\/\/fil.ulpgc.es\/blog\/wp-content\/uploads\/2023\/05\/whatsapp-image-2023-04-20-at-17.46.53.jpeg\" data-orig-size=\"2048,1151\" data-comments-opened=\"1\" data-image-meta=\"{&quot;aperture&quot;:&quot;0&quot;,&quot;credit&quot;:&quot;&quot;,&quot;camera&quot;:&quot;&quot;,&quot;caption&quot;:&quot;&quot;,&quot;created_timestamp&quot;:&quot;0&quot;,&quot;copyright&quot;:&quot;&quot;,&quot;focal_length&quot;:&quot;0&quot;,&quot;iso&quot;:&quot;0&quot;,&quot;shutter_speed&quot;:&quot;0&quot;,&quot;title&quot;:&quot;&quot;,&quot;orientation&quot;:&quot;0&quot;}\" data-image-title=\"whatsapp-image-2023-04-20-at-17.46.53\" data-image-description=\"\" data-image-caption=\"\" data-medium-file=\"https:\/\/fil.ulpgc.es\/blog\/wp-content\/uploads\/2023\/05\/whatsapp-image-2023-04-20-at-17.46.53.jpeg\" data-large-file=\"https:\/\/fil.ulpgc.es\/blog\/wp-content\/uploads\/2023\/05\/whatsapp-image-2023-04-20-at-17.46.53.jpeg\" tabindex=\"0\" role=\"button\" data-id=\"198\" src=\"https:\/\/ff.ulpgc.es\/blog\/wp-content\/uploads\/2023\/05\/whatsapp-image-2023-04-20-at-17.46.53.jpeg?w=500\" alt=\"\" class=\"wp-image-198\" \/><\/figure>\n\n\n\n<figure class=\"wp-block-image size-large\"><img loading=\"lazy\" decoding=\"async\" width=\"2048\" height=\"1151\" data-attachment-id=\"199\" data-permalink=\"https:\/\/fil.ulpgc.es\/blog\/2023\/05\/04\/visitas-productivas-geoff-mead\/whatsapp-image-2023-04-20-at-17-45-28\/\" data-orig-file=\"https:\/\/fil.ulpgc.es\/blog\/wp-content\/uploads\/2023\/05\/whatsapp-image-2023-04-20-at-17.45.28.jpeg\" data-orig-size=\"2048,1151\" data-comments-opened=\"1\" data-image-meta=\"{&quot;aperture&quot;:&quot;0&quot;,&quot;credit&quot;:&quot;&quot;,&quot;camera&quot;:&quot;&quot;,&quot;caption&quot;:&quot;&quot;,&quot;created_timestamp&quot;:&quot;0&quot;,&quot;copyright&quot;:&quot;&quot;,&quot;focal_length&quot;:&quot;0&quot;,&quot;iso&quot;:&quot;0&quot;,&quot;shutter_speed&quot;:&quot;0&quot;,&quot;title&quot;:&quot;&quot;,&quot;orientation&quot;:&quot;0&quot;}\" data-image-title=\"whatsapp-image-2023-04-20-at-17.45.28\" data-image-description=\"\" data-image-caption=\"\" data-medium-file=\"https:\/\/fil.ulpgc.es\/blog\/wp-content\/uploads\/2023\/05\/whatsapp-image-2023-04-20-at-17.45.28.jpeg\" data-large-file=\"https:\/\/fil.ulpgc.es\/blog\/wp-content\/uploads\/2023\/05\/whatsapp-image-2023-04-20-at-17.45.28.jpeg\" tabindex=\"0\" role=\"button\" data-id=\"199\" src=\"https:\/\/ff.ulpgc.es\/blog\/wp-content\/uploads\/2023\/05\/whatsapp-image-2023-04-20-at-17.45.28.jpeg?w=500\" alt=\"\" class=\"wp-image-199\" \/><\/figure>\n<\/figure>\n\n\n\n<p>Tenemos a gala ser un centro con muchas inquietudes literarias, pero tambi\u00e9n, y como es l\u00f3gico, somos una Facultad muy visitada. <\/p>\n\n\n\n<!--more  LEER M\u00c1S-->\n\n\n\n<p>En esta ocasi\u00f3n, hablamos de la visita que, los pasados 18 y 19 de abril, nos hizo el profesor y escritor Geoff Mead, quien imparti\u00f3 el taller \u00abThe art of storytelling\u00bb a los estudiantes del Grado en Lenguas Modernas (martes) y la charla \u00abNarrative identity in later life: Lessons from the Odyssey\u00bb (mi\u00e9rcoles). Agradecemos a nuestra profesora Mar\u00eda Henr\u00edquez que haya hecho posible este feliz acontecimiento.<\/p>\n\n\n\n<details class=\"wp-block-details is-layout-flow wp-block-details-is-layout-flow\"><summary>English version (click here)<\/summary>\n<p class=\"has-black-color has-text-color has-link-color wp-elements-91d6e414517e1ccfd7468b9c353f8c96\"><span style=\"text-decoration: underline\">Literary Visits: Geoff Mead<\/span><\/p>\n\n\n\n<p>We presume to be a center with many literary concerns, but also, and logically, we are a very visited Faculty.<\/p>\n\n\n\n<p>On this occasion, we talk about the visit that, last April 18 and 19, made us the teacher and writer Geoff Mead, who taught the workshop \u00abThe art of storytelling\u00bb to students of the Degree in Modern Languages (Tuesday) and the talk \u00abNarrative identity in later life: Lessons from the Odyssey\u00bb (Wednesday). We thank our teacher Mar\u00eda Henr\u00edquez for making this happy event possible.<\/p>\n<\/details>\n\n\n\n<p><\/p>\n\n\n\n<div class=\"wp-block-buttons has-arvo-font-family is-horizontal is-content-justification-left is-layout-flex wp-container-core-buttons-is-layout-1 wp-block-buttons-is-layout-flex\">\n<div class=\"wp-block-button has-custom-font-size is-style-fill has-medium-font-size\"><a class=\"wp-block-button__link has-white-color has-text-color has-background has-link-color has-text-align-center wp-element-button\" href=\"https:\/\/twitter.com\/ffulpgc\" style=\"border-radius:10px;background-color:#1c4b88\">Twitter<\/a><\/div>\n\n\n\n<div class=\"wp-block-button has-custom-font-size is-style-fill has-medium-font-size\"><a class=\"wp-block-button__link has-background wp-element-button\" href=\"https:\/\/www.instagram.com\/ffulpgc\/\" style=\"border-radius:10px;background-color:#1c4b88\">Instagram<\/a><\/div>\n\n\n\n<div class=\"wp-block-button has-custom-font-size is-style-fill has-medium-font-size\"><a class=\"wp-block-button__link has-background wp-element-button\" href=\"https:\/\/ff.ulpgc.es\/\" style=\"border-radius:10px;background-color:#1c4b88\">P\u00e1gina FF<\/a><\/div>\n<\/div>\n","protected":false},"excerpt":{"rendered":"<p>Tenemos a gala ser un centro con muchas inquietudes literarias, pero tambi\u00e9n, y como es l\u00f3gico, somos una Facultad muy visitada.<\/p>\n","protected":false},"author":232677388,"featured_media":0,"comment_status":"open","ping_status":"open","sticky":false,"template":"","format":"standard","meta":{"advanced_seo_description":"","jetpack_seo_html_title":"","jetpack_seo_noindex":false,"_jetpack_newsletter_access":"","_jetpack_dont_email_post_to_subs":false,"_jetpack_newsletter_tier_id":0,"_jetpack_memberships_contains_paywalled_content":false,"_jetpack_memberships_contains_paid_content":false,"footnotes":""},"categories":[760640685,51979212],"tags":[10306,90932733,344766029,762155345],"class_list":["post-196","post","type-post","status-publish","format-standard","hentry","category-somos-palabras","category-we-are-words","tag-creacion-literaria","tag-geoff-mead","tag-grado-en-lenguas-modernas","tag-maria-henriquez"],"jetpack_featured_media_url":"","jetpack_likes_enabled":true,"jetpack_sharing_enabled":true,"jetpack_shortlink":"https:\/\/wp.me\/pg5osS-3a","_links":{"self":[{"href":"https:\/\/fil.ulpgc.es\/blog\/wp-json\/wp\/v2\/posts\/196","targetHints":{"allow":["GET"]}}],"collection":[{"href":"https:\/\/fil.ulpgc.es\/blog\/wp-json\/wp\/v2\/posts"}],"about":[{"href":"https:\/\/fil.ulpgc.es\/blog\/wp-json\/wp\/v2\/types\/post"}],"author":[{"embeddable":true,"href":"https:\/\/fil.ulpgc.es\/blog\/wp-json\/wp\/v2\/users\/232677388"}],"replies":[{"embeddable":true,"href":"https:\/\/fil.ulpgc.es\/blog\/wp-json\/wp\/v2\/comments?post=196"}],"version-history":[{"count":11,"href":"https:\/\/fil.ulpgc.es\/blog\/wp-json\/wp\/v2\/posts\/196\/revisions"}],"predecessor-version":[{"id":664,"href":"https:\/\/fil.ulpgc.es\/blog\/wp-json\/wp\/v2\/posts\/196\/revisions\/664"}],"wp:attachment":[{"href":"https:\/\/fil.ulpgc.es\/blog\/wp-json\/wp\/v2\/media?parent=196"}],"wp:term":[{"taxonomy":"category","embeddable":true,"href":"https:\/\/fil.ulpgc.es\/blog\/wp-json\/wp\/v2\/categories?post=196"},{"taxonomy":"post_tag","embeddable":true,"href":"https:\/\/fil.ulpgc.es\/blog\/wp-json\/wp\/v2\/tags?post=196"}],"curies":[{"name":"wp","href":"https:\/\/api.w.org\/{rel}","templated":true}]}}